{"id":5156,"date":"2017-03-12T17:08:46","date_gmt":"2017-03-12T17:08:46","guid":{"rendered":"https:\/\/www.ilededjerba.tn\/?p=5156"},"modified":"2017-03-12T17:13:25","modified_gmt":"2017-03-12T17:13:25","slug":"chahed-doublement-des-vols-aeriens-entre-tunis-et-djerba","status":"publish","type":"post","link":"https:\/\/www.ilededjerba.tn\/ar\/chahed-doublement-des-vols-aeriens-entre-tunis-et-djerba\/","title":{"rendered":"Chahed: Doublement des vols a\u00e9riens entre Tunis et Djerba"},"content":{"rendered":"<p>Youssef Chahed, chef du gouvernement en visite \u00e0 Ben Guerdane \u00e0 l&#8217;occasion de la comm\u00e9moration du premier anniversaire des \u00e9v\u00e9nements de la r\u00e9gion du 7 mars a annonc\u00e9 le doublement des vols a\u00e9riens entre Tunis et Djerba \u00e0 partir de cet \u00e9t\u00e9.<br \/>\n<img data-recalc-dims=\"1\" decoding=\"async\" loading=\"lazy\" class=\"aligncenter wp-image-5154 size-large\" src=\"https:\/\/i0.wp.com\/www.ilededjerba.tn\/wp-content\/uploads\/Ychahed-djerba-1-1024x683.jpg?resize=1024%2C683&#038;ssl=1\" alt=\"\" width=\"1024\" height=\"683\" srcset=\"https:\/\/i0.wp.com\/www.ilededjerba.tn\/wp-content\/uploads\/Ychahed-djerba-1.jpg?resize=1024%2C683&amp;ssl=1 1024w, https:\/\/i0.wp.com\/www.ilededjerba.tn\/wp-content\/uploads\/Ychahed-djerba-1.jpg?resize=300%2C200&amp;ssl=1 300w, https:\/\/i0.wp.com\/www.ilededjerba.tn\/wp-content\/uploads\/Ychahed-djerba-1.jpg?resize=768%2C512&amp;ssl=1 768w, https:\/\/i0.wp.com\/www.ilededjerba.tn\/wp-content\/uploads\/Ychahed-djerba-1.jpg?w=2048&amp;ssl=1 2048w\" sizes=\"auto, (max-width: 1024px) 100vw, 1024px\" \/><br \/>\nIl a \u00e9galement annonc\u00e9 le lancement d&#8217;un vol matinal \u00e0 partir du 1er mai de Djerba \u00e0 Tunis.<\/p>\n<p>En revanche, Youssef chahed a \u00e9voqu\u00e9 la possibilit\u00e9 de lancement d&#8217;un vol entre Djerba et l&#8217;Alg\u00e9rie, et ce en pr\u00e9vision des travaux de la commission tuniso-alg\u00e9rienne commune pr\u00e9vue jeudi 8 mars.<\/p>\n<p>Source : MosaiqueFm<\/p>\n","protected":false},"excerpt":{"rendered":"<p>Youssef Chahed, chef du gouvernement en visite \u00e0 Ben Guerdane \u00e0 l&#8217;occasion de la comm\u00e9moration du premier anniversaire des \u00e9v\u00e9nements de la r\u00e9gion du 7 mars a annonc\u00e9 le doublement des vols a\u00e9riens entre Tunis et Djerba \u00e0 partir de cet \u00e9t\u00e9. Il a \u00e9galement annonc\u00e9 le lancement d&#8217;un vol matinal \u00e0 partir du 1er [&hellip;]<\/p>\n","protected":false},"author":1,"featured_media":5154,"comment_status":"open","ping_status":"open","sticky":false,"template":"","format":"standard","meta":{"nf_dc_page":"","om_disable_all_campaigns":false,"jetpack_post_was_ever_published":false,"_jetpack_newsletter_access":"","_jetpack_dont_email_post_to_subs":true,"_jetpack_newsletter_tier_id":0,"_jetpack_memberships_contains_paywalled_content":false,"_jetpack_memberships_contains_paid_content":false,"footnotes":"","jetpack_publicize_message":"","jetpack_publicize_feature_enabled":true,"jetpack_social_post_already_shared":true,"jetpack_social_options":{"image_generator_settings":{"template":"highway","default_image_id":0,"font":"","enabled":false},"version":2}},"categories":[295],"tags":[296],"class_list":["post-5156","post","type-post","status-publish","format-standard","has-post-thumbnail","hentry","category-visite-officielle","tag-djerbachahedvolvisite"],"translation":{"provider":"WPGlobus","version":"3.0.2","language":"ar","enabled_languages":["fr","ar"],"languages":{"fr":{"title":true,"content":true,"excerpt":false},"ar":{"title":false,"content":false,"excerpt":false}}},"jetpack_publicize_connections":[],"jetpack_featured_media_url":"https:\/\/i0.wp.com\/www.ilededjerba.tn\/wp-content\/uploads\/Ychahed-djerba-1.jpg?fit=2048%2C1365&ssl=1","jetpack_sharing_enabled":true,"jetpack_shortlink":"https:\/\/wp.me\/p8s367-1la","_links":{"self":[{"href":"https:\/\/www.ilededjerba.tn\/ar\/wp-json\/wp\/v2\/posts\/5156","targetHints":{"allow":["GET"]}}],"collection":[{"href":"https:\/\/www.ilededjerba.tn\/ar\/wp-json\/wp\/v2\/posts"}],"about":[{"href":"https:\/\/www.ilededjerba.tn\/ar\/wp-json\/wp\/v2\/types\/post"}],"author":[{"embeddable":true,"href":"https:\/\/www.ilededjerba.tn\/ar\/wp-json\/wp\/v2\/users\/1"}],"replies":[{"embeddable":true,"href":"https:\/\/www.ilededjerba.tn\/ar\/wp-json\/wp\/v2\/comments?post=5156"}],"version-history":[{"count":2,"href":"https:\/\/www.ilededjerba.tn\/ar\/wp-json\/wp\/v2\/posts\/5156\/revisions"}],"predecessor-version":[{"id":5158,"href":"https:\/\/www.ilededjerba.tn\/ar\/wp-json\/wp\/v2\/posts\/5156\/revisions\/5158"}],"wp:featuredmedia":[{"embeddable":true,"href":"https:\/\/www.ilededjerba.tn\/ar\/wp-json\/wp\/v2\/media\/5154"}],"wp:attachment":[{"href":"https:\/\/www.ilededjerba.tn\/ar\/wp-json\/wp\/v2\/media?parent=5156"}],"wp:term":[{"taxonomy":"category","embeddable":true,"href":"https:\/\/www.ilededjerba.tn\/ar\/wp-json\/wp\/v2\/categories?post=5156"},{"taxonomy":"post_tag","embeddable":true,"href":"https:\/\/www.ilededjerba.tn\/ar\/wp-json\/wp\/v2\/tags?post=5156"}],"curies":[{"name":"wp","href":"https:\/\/api.w.org\/{rel}","templated":true}]}}